[{"@context":"https:\/\/schema.org\/","@type":"BlogPosting","@id":"https:\/\/palam.ca\/video-faut-sinquieter-asteroide-frappe-terre\/#BlogPosting","mainEntityOfPage":"https:\/\/palam.ca\/video-faut-sinquieter-asteroide-frappe-terre\/","headline":"VIDEO. Faut-il s&rsquo;inqui\u00e9ter si un ast\u00e9ro\u00efde frappe la Terre ?","name":"VIDEO. Faut-il s&rsquo;inqui\u00e9ter si un ast\u00e9ro\u00efde frappe la Terre ?","description":"Faut-il s&rsquo;inqui\u00e9ter si un ast\u00e9ro\u00efde frappe la Terre ? Dans une \u00e9tude, des astronomes de l&rsquo;Acad\u00e9mie tch\u00e8que des sciences ont point\u00e9 du doigt un\u00a0risque plus \u00e9lev\u00e9 que pr\u00e9vu que la Terre soit touch\u00e9e par un ast\u00e9ro\u00efde. Alerte aux ast\u00e9ro\u00efdes\u00a0?\u00a0Dans une \u00e9tude publi\u00e9e dans la revue Astronomy &amp; Astrophysics\u00a0(en anglais), des astronomes de l&rsquo;Acad\u00e9mie tch\u00e8que des [&hellip;]","datePublished":"2017-06-21","dateModified":"2023-05-01","author":{"@type":"Person","@id":"https:\/\/palam.ca\/author\/jean-pierre\/#Person","name":"Palam","url":"https:\/\/palam.ca\/author\/jean-pierre\/","identifier":3,"image":{"@type":"ImageObject","@id":"https:\/\/secure.gravatar.com\/avatar\/f8354883067cfceb099f7e57d90353c6f4fa682c8e87795f7bb2e4691997637b?s=96&r=g","url":"https:\/\/secure.gravatar.com\/avatar\/f8354883067cfceb099f7e57d90353c6f4fa682c8e87795f7bb2e4691997637b?s=96&r=g","height":96,"width":96}},"publisher":{"@type":"Organization","name":"Palam"},"image":{"@type":"ImageObject","@id":"https:\/\/palam.ca\/wp-content\/uploads\/2017\/06\/VIDEO.-Faut-il-sinqui\u00e9ter-si-un-ast\u00e9ro\u00efde-frappe-la-Terre-.jpg","url":"https:\/\/palam.ca\/wp-content\/uploads\/2017\/06\/VIDEO.-Faut-il-sinqui\u00e9ter-si-un-ast\u00e9ro\u00efde-frappe-la-Terre-.jpg","height":750,"width":1127},"url":"https:\/\/palam.ca\/video-faut-sinquieter-asteroide-frappe-terre\/","about":["Actualit\u00e9"],"wordCount":342},{"@context":"https:\/\/schema.org\/","@type":"BreadcrumbList","itemListElement":[{"@type":"ListItem","position":1,"name":"VIDEO. Faut-il s&rsquo;inqui\u00e9ter si un ast\u00e9ro\u00efde frappe la Terre ?","item":"https:\/\/palam.ca\/video-faut-sinquieter-asteroide-frappe-terre\/#breadcrumbitem"}]}]