{"@context":"https:\/\/schema.org\/","@type":"CollectionPage","@id":"https:\/\/palam.ca\/tag\/voyage\/#CollectionPage","headline":"Voyage Tag","description":"","url":"https:\/\/palam.ca\/tag\/voyage\/","hasPart":[{"@type":"BlogPosting","@id":"https:\/\/palam.ca\/planifiez-des-vacances-abordables-et-agreables-pour-toute-la-famille\/","headline":"Planifiez des vacances abordables et agr\u00e9ables pour toute la famille","url":"https:\/\/palam.ca\/planifiez-des-vacances-abordables-et-agreables-pour-toute-la-famille\/","datePublished":"2019-04-27","dateModified":"2020-04-13","mainEntityOfPage":"https:\/\/palam.ca\/planifiez-des-vacances-abordables-et-agreables-pour-toute-la-famille\/","author":{"@type":"Person","@id":"https:\/\/palam.ca\/author\/jean-pierre\/#Person","name":"Palam","url":"https:\/\/palam.ca\/author\/jean-pierre\/","identifier":3,"image":{"@type":"ImageObject","@id":"https:\/\/secure.gravatar.com\/avatar\/f8354883067cfceb099f7e57d90353c6f4fa682c8e87795f7bb2e4691997637b?s=96&r=g","url":"https:\/\/secure.gravatar.com\/avatar\/f8354883067cfceb099f7e57d90353c6f4fa682c8e87795f7bb2e4691997637b?s=96&r=g","height":96,"width":96}},"publisher":{"@type":"Organization","name":"Palam"},"image":{"@type":"ImageObject","@id":"https:\/\/palam.ca\/wp-content\/uploads\/2019\/04\/Planifiez-des-vacances-abordables-et-agr\u00e9ables-pour-toute-la-famille.jpg","url":"https:\/\/palam.ca\/wp-content\/uploads\/2019\/04\/Planifiez-des-vacances-abordables-et-agr\u00e9ables-pour-toute-la-famille.jpg","height":3622,"width":4830},"keywords":["croisiere","destination","europe","palam","vacance","Voyage"]},{"@type":"BlogPosting","@id":"https:\/\/palam.ca\/principaux-conseils-pour-vous-envoler-en-famille\/","headline":"Principaux conseils pour vous envoler en famille","url":"https:\/\/palam.ca\/principaux-conseils-pour-vous-envoler-en-famille\/","datePublished":"2019-04-27","dateModified":"2020-04-13","mainEntityOfPage":"https:\/\/palam.ca\/principaux-conseils-pour-vous-envoler-en-famille\/","author":{"@type":"Person","@id":"https:\/\/palam.ca\/author\/jean-pierre\/#Person","name":"Palam","url":"https:\/\/palam.ca\/author\/jean-pierre\/","identifier":3,"image":{"@type":"ImageObject","@id":"https:\/\/secure.gravatar.com\/avatar\/f8354883067cfceb099f7e57d90353c6f4fa682c8e87795f7bb2e4691997637b?s=96&r=g","url":"https:\/\/secure.gravatar.com\/avatar\/f8354883067cfceb099f7e57d90353c6f4fa682c8e87795f7bb2e4691997637b?s=96&r=g","height":96,"width":96}},"publisher":{"@type":"Organization","name":"Palam"},"image":{"@type":"ImageObject","@id":"https:\/\/palam.ca\/wp-content\/uploads\/2019\/04\/Principaux-conseils-pour-vous-envoler-en-famille.jpg","url":"https:\/\/palam.ca\/wp-content\/uploads\/2019\/04\/Principaux-conseils-pour-vous-envoler-en-famille.jpg","height":3744,"width":5616},"keywords":["croisiere","destination","europe","palam","vacance","Voyage"]},{"@type":"BlogPosting","@id":"https:\/\/palam.ca\/voyager-avec-du-cannabis-ce-que-vous-devez-savoir\/","headline":"\u00c0 savoir lorsque vous voyagez avec du cannabis","url":"https:\/\/palam.ca\/voyager-avec-du-cannabis-ce-que-vous-devez-savoir\/","datePublished":"2019-04-27","dateModified":"2020-04-13","mainEntityOfPage":"https:\/\/palam.ca\/voyager-avec-du-cannabis-ce-que-vous-devez-savoir\/","author":{"@type":"Person","@id":"https:\/\/palam.ca\/author\/jean-pierre\/#Person","name":"Palam","url":"https:\/\/palam.ca\/author\/jean-pierre\/","identifier":3,"image":{"@type":"ImageObject","@id":"https:\/\/secure.gravatar.com\/avatar\/f8354883067cfceb099f7e57d90353c6f4fa682c8e87795f7bb2e4691997637b?s=96&r=g","url":"https:\/\/secure.gravatar.com\/avatar\/f8354883067cfceb099f7e57d90353c6f4fa682c8e87795f7bb2e4691997637b?s=96&r=g","height":96,"width":96}},"publisher":{"@type":"Organization","name":"Palam"},"image":{"@type":"ImageObject","@id":"https:\/\/palam.ca\/wp-content\/uploads\/2019\/04\/Voyager-avec-du-cannabis-ce-que-vous-devez-savoir.jpg","url":"https:\/\/palam.ca\/wp-content\/uploads\/2019\/04\/Voyager-avec-du-cannabis-ce-que-vous-devez-savoir.jpg","height":1709,"width":2560},"keywords":["canada","cannabis","croisiere","destination","europe","gouvernement","information","palam","vacance","Voyage"]},{"@type":"BlogPosting","@id":"https:\/\/palam.ca\/cinq-conseils-pour-manger-comme-le-ferait-un-resident\/","headline":"Cinq conseils pour manger comme le ferait un r\u00e9sident","url":"https:\/\/palam.ca\/cinq-conseils-pour-manger-comme-le-ferait-un-resident\/","datePublished":"2019-04-15","dateModified":"2020-04-13","mainEntityOfPage":"https:\/\/palam.ca\/cinq-conseils-pour-manger-comme-le-ferait-un-resident\/","author":{"@type":"Person","@id":"https:\/\/palam.ca\/author\/jean-pierre\/#Person","name":"Palam","url":"https:\/\/palam.ca\/author\/jean-pierre\/","identifier":3,"image":{"@type":"ImageObject","@id":"https:\/\/secure.gravatar.com\/avatar\/f8354883067cfceb099f7e57d90353c6f4fa682c8e87795f7bb2e4691997637b?s=96&r=g","url":"https:\/\/secure.gravatar.com\/avatar\/f8354883067cfceb099f7e57d90353c6f4fa682c8e87795f7bb2e4691997637b?s=96&r=g","height":96,"width":96}},"publisher":{"@type":"Organization","name":"Palam"},"image":{"@type":"ImageObject","@id":"https:\/\/palam.ca\/wp-content\/uploads\/2019\/04\/57240677_558776441312493_4918277096301658112_n.jpg","url":"https:\/\/palam.ca\/wp-content\/uploads\/2019\/04\/57240677_558776441312493_4918277096301658112_n.jpg","height":1365,"width":2048},"keywords":["culture","\u00e9picerie","nourriture","Voyage"]},{"@type":"BlogPosting","@id":"https:\/\/palam.ca\/imaginez-des-vacances-en-croisiere-a-votre-image\/","headline":"Imaginez des vacances en croisi\u00e8re \u00e0 votre image","url":"https:\/\/palam.ca\/imaginez-des-vacances-en-croisiere-a-votre-image\/","datePublished":"2019-04-15","dateModified":"2020-04-13","mainEntityOfPage":"https:\/\/palam.ca\/imaginez-des-vacances-en-croisiere-a-votre-image\/","author":{"@type":"Person","@id":"https:\/\/palam.ca\/author\/jean-pierre\/#Person","name":"Palam","url":"https:\/\/palam.ca\/author\/jean-pierre\/","identifier":3,"image":{"@type":"ImageObject","@id":"https:\/\/secure.gravatar.com\/avatar\/f8354883067cfceb099f7e57d90353c6f4fa682c8e87795f7bb2e4691997637b?s=96&r=g","url":"https:\/\/secure.gravatar.com\/avatar\/f8354883067cfceb099f7e57d90353c6f4fa682c8e87795f7bb2e4691997637b?s=96&r=g","height":96,"width":96}},"publisher":{"@type":"Organization","name":"Palam"},"image":{"@type":"ImageObject","@id":"https:\/\/palam.ca\/wp-content\/uploads\/2019\/04\/Imaginez-des-vacances-en-croisi\u00e8re-\u00e0-votre-image.jpg","url":"https:\/\/palam.ca\/wp-content\/uploads\/2019\/04\/Imaginez-des-vacances-en-croisi\u00e8re-\u00e0-votre-image.jpg","height":4000,"width":4996},"keywords":["croisiere","destination","europe","palam","vacance","Voyage"]},{"@type":"BlogPosting","@id":"https:\/\/palam.ca\/quoi-faire-en-voyage-sur-lile-de-java-en-indonesie\/","headline":"Quoi faire en voyage sur l&rsquo;\u00eele de Java en Indon\u00e9sie","url":"https:\/\/palam.ca\/quoi-faire-en-voyage-sur-lile-de-java-en-indonesie\/","datePublished":"2019-03-07","dateModified":"2020-02-20","mainEntityOfPage":"https:\/\/palam.ca\/quoi-faire-en-voyage-sur-lile-de-java-en-indonesie\/","author":{"@type":"Person","@id":"https:\/\/palam.ca\/author\/jean-pierre\/#Person","name":"Palam","url":"https:\/\/palam.ca\/author\/jean-pierre\/","identifier":3,"image":{"@type":"ImageObject","@id":"https:\/\/secure.gravatar.com\/avatar\/f8354883067cfceb099f7e57d90353c6f4fa682c8e87795f7bb2e4691997637b?s=96&r=g","url":"https:\/\/secure.gravatar.com\/avatar\/f8354883067cfceb099f7e57d90353c6f4fa682c8e87795f7bb2e4691997637b?s=96&r=g","height":96,"width":96}},"publisher":{"@type":"Organization","name":"Palam"},"image":{"@type":"ImageObject","@id":"https:\/\/palam.ca\/wp-content\/uploads\/2019\/03\/Indon\u00e9sie-Borobudur-Java-Central-Java-2.jpg","url":"https:\/\/palam.ca\/wp-content\/uploads\/2019\/03\/Indon\u00e9sie-Borobudur-Java-Central-Java-2.jpg","height":724,"width":1280},"keywords":["baturadden","Borobudur","Dieng","histoire","indon\u00e9sie","Jakarta","java","purwokerto","temple","Travel","trip","Voyage"]},{"@type":"BlogPosting","@id":"https:\/\/palam.ca\/voyages-et-lieux-les-plus-romantiques-du-monde\/","headline":"Voyages et lieux les plus romantiques du monde","url":"https:\/\/palam.ca\/voyages-et-lieux-les-plus-romantiques-du-monde\/","datePublished":"2019-01-29","dateModified":"2020-04-07","mainEntityOfPage":"https:\/\/palam.ca\/voyages-et-lieux-les-plus-romantiques-du-monde\/","author":{"@type":"Person","@id":"https:\/\/palam.ca\/author\/jean-pierre\/#Person","name":"Palam","url":"https:\/\/palam.ca\/author\/jean-pierre\/","identifier":3,"image":{"@type":"ImageObject","@id":"https:\/\/secure.gravatar.com\/avatar\/f8354883067cfceb099f7e57d90353c6f4fa682c8e87795f7bb2e4691997637b?s=96&r=g","url":"https:\/\/secure.gravatar.com\/avatar\/f8354883067cfceb099f7e57d90353c6f4fa682c8e87795f7bb2e4691997637b?s=96&r=g","height":96,"width":96}},"publisher":{"@type":"Organization","name":"Palam"},"image":{"@type":"ImageObject","@id":"https:\/\/palam.ca\/wp-content\/uploads\/2018\/11\/\u00ceLE-DE-PINS-5-TOPS-CHOSES-\u00c0-FAIRE.jpg","url":"https:\/\/palam.ca\/wp-content\/uploads\/2018\/11\/\u00ceLE-DE-PINS-5-TOPS-CHOSES-\u00c0-FAIRE.jpg","height":600,"width":800},"keywords":["Amoureux","Argentine - Phare des \u00c9claireurs","Bangkok","destination","\u00cele de P\u00e2ques","Le Bali","lieux romantique","Tha\u00eflande","Ushuaia","Voyage"]},{"@type":"BlogPosting","@id":"https:\/\/palam.ca\/voyage-a-la-plage-de-navagio-en-grece\/","headline":"Voyagez \u00e0 la plage de Navagio en Gr\u00e8ce","url":"https:\/\/palam.ca\/voyage-a-la-plage-de-navagio-en-grece\/","datePublished":"2018-11-19","dateModified":"2020-04-07","mainEntityOfPage":"https:\/\/palam.ca\/voyage-a-la-plage-de-navagio-en-grece\/","author":{"@type":"Person","@id":"https:\/\/palam.ca\/author\/jean-pierre\/#Person","name":"Palam","url":"https:\/\/palam.ca\/author\/jean-pierre\/","identifier":3,"image":{"@type":"ImageObject","@id":"https:\/\/secure.gravatar.com\/avatar\/f8354883067cfceb099f7e57d90353c6f4fa682c8e87795f7bb2e4691997637b?s=96&r=g","url":"https:\/\/secure.gravatar.com\/avatar\/f8354883067cfceb099f7e57d90353c6f4fa682c8e87795f7bb2e4691997637b?s=96&r=g","height":96,"width":96}},"publisher":{"@type":"Organization","name":"Palam"},"image":{"@type":"ImageObject","@id":"https:\/\/palam.ca\/wp-content\/uploads\/2018\/11\/VOYAGE-\u00c0-LA-PLAGE-DE-NAVAGIO-EN-GRECE.jpg","url":"https:\/\/palam.ca\/wp-content\/uploads\/2018\/11\/VOYAGE-\u00c0-LA-PLAGE-DE-NAVAGIO-EN-GRECE.jpg","height":481,"width":960},"keywords":["Baie du Naufrage","c\u00f4te est du P\u00e9loponn\u00e8se","Gr\u00e8ce","Navagio","plage","Shipwreck Beach","village d'Anafonitria","Voyage","Zakyntho"]},{"@type":"BlogPosting","@id":"https:\/\/palam.ca\/voyage-de-reve-a-maya-beach-thailande\/","headline":"Voyage de r\u00eave \u00e0 Maya Beach en Tha\u00eflande","url":"https:\/\/palam.ca\/voyage-de-reve-a-maya-beach-thailande\/","datePublished":"2018-11-18","dateModified":"2020-04-07","mainEntityOfPage":"https:\/\/palam.ca\/voyage-de-reve-a-maya-beach-thailande\/","author":{"@type":"Person","@id":"https:\/\/palam.ca\/author\/jean-pierre\/#Person","name":"Palam","url":"https:\/\/palam.ca\/author\/jean-pierre\/","identifier":3,"image":{"@type":"ImageObject","@id":"https:\/\/secure.gravatar.com\/avatar\/f8354883067cfceb099f7e57d90353c6f4fa682c8e87795f7bb2e4691997637b?s=96&r=g","url":"https:\/\/secure.gravatar.com\/avatar\/f8354883067cfceb099f7e57d90353c6f4fa682c8e87795f7bb2e4691997637b?s=96&r=g","height":96,"width":96}},"publisher":{"@type":"Organization","name":"Palam"},"image":{"@type":"ImageObject","@id":"https:\/\/palam.ca\/wp-content\/uploads\/2018\/11\/VOYAGE-DE-R\u00caVE-\u00c0-MAYA-BEACH-THA\u00cfLANDE.jpeg","url":"https:\/\/palam.ca\/wp-content\/uploads\/2018\/11\/VOYAGE-DE-R\u00caVE-\u00c0-MAYA-BEACH-THA\u00cfLANDE.jpeg","height":1500,"width":2254},"keywords":["Maya Beach","plage","Tha\u00eflande","The Beach - Film de L\u00e9onardo DiCaprio","Voyage","Voyage de r\u00eave"]},{"@type":"BlogPosting","@id":"https:\/\/palam.ca\/voyage-a-cuba-et-sa-plage-de-varadero\/","headline":"Planifier votre voyage \u00e0 Cuba et sa plage de Varadero","url":"https:\/\/palam.ca\/voyage-a-cuba-et-sa-plage-de-varadero\/","datePublished":"2018-11-10","dateModified":"2020-04-07","mainEntityOfPage":"https:\/\/palam.ca\/voyage-a-cuba-et-sa-plage-de-varadero\/","author":{"@type":"Person","@id":"https:\/\/palam.ca\/author\/jean-pierre\/#Person","name":"Palam","url":"https:\/\/palam.ca\/author\/jean-pierre\/","identifier":3,"image":{"@type":"ImageObject","@id":"https:\/\/secure.gravatar.com\/avatar\/f8354883067cfceb099f7e57d90353c6f4fa682c8e87795f7bb2e4691997637b?s=96&r=g","url":"https:\/\/secure.gravatar.com\/avatar\/f8354883067cfceb099f7e57d90353c6f4fa682c8e87795f7bb2e4691997637b?s=96&r=g","height":96,"width":96}},"publisher":{"@type":"Organization","name":"Palam"},"image":{"@type":"ImageObject","@id":"https:\/\/palam.ca\/wp-content\/uploads\/2018\/11\/VOTRE-PROCHAIN-VOYAGE-\u00c0-CUBA-ET-SA-PLAGE-DE-VARADERO.jpg","url":"https:\/\/palam.ca\/wp-content\/uploads\/2018\/11\/VOTRE-PROCHAIN-VOYAGE-\u00c0-CUBA-ET-SA-PLAGE-DE-VARADERO.jpg","height":959,"width":1280},"keywords":["Activit\u00e9s","Cara\u00efbes","conseil voyage cuba","Cuba","Finca Vig\u00eda.","loisir","Mal\u00e9com","mus\u00e9e","plage","planifier","Quoi faire","Varadero","Voyage"]}]}