{"@context":"https:\/\/schema.org\/","@type":"CollectionPage","@id":"https:\/\/palam.ca\/tag\/legende\/#CollectionPage","headline":"l\u00e9gende Tag","description":"","url":"https:\/\/palam.ca\/tag\/legende\/","hasPart":[{"@type":"BlogPosting","@id":"https:\/\/palam.ca\/la-legende-de-la-belle-et-la-bete-un-joyau-culturel-de-la-france\/","headline":"La L\u00e9gende de la Belle et la B\u00eate : Un Joyau Culturel de la France","url":"https:\/\/palam.ca\/la-legende-de-la-belle-et-la-bete-un-joyau-culturel-de-la-france\/","datePublished":"2023-09-20","dateModified":"2023-08-25","mainEntityOfPage":"https:\/\/palam.ca\/la-legende-de-la-belle-et-la-bete-un-joyau-culturel-de-la-france\/","author":{"@type":"Person","@id":"https:\/\/palam.ca\/author\/aymen-labidi\/#Person","name":"Aymen Labidi","url":"https:\/\/palam.ca\/author\/aymen-labidi\/","identifier":12,"image":{"@type":"ImageObject","@id":"https:\/\/secure.gravatar.com\/avatar\/bcc1d902ad8e3dcad0755a8d91bc77b1e834b4c072efd9ec14fd0c9dca9d89ad?s=96&r=g","url":"https:\/\/secure.gravatar.com\/avatar\/bcc1d902ad8e3dcad0755a8d91bc77b1e834b4c072efd9ec14fd0c9dca9d89ad?s=96&r=g","height":96,"width":96}},"publisher":{"@type":"Organization","name":"Palam"},"image":{"@type":"ImageObject","@id":"https:\/\/palam.ca\/wp-content\/uploads\/2023\/08\/p30.webp","url":"https:\/\/palam.ca\/wp-content\/uploads\/2023\/08\/p30.webp","height":810,"width":1440},"keywords":["amour","Culturel","france","histoire","histoires d'amour","La L\u00e9gende de la Belle et la B\u00eate","l\u00e9gende"]},{"@type":"BlogPosting","@id":"https:\/\/palam.ca\/contes-incroyable-racontes-par-les-igbos\/","headline":"CONTES INCROYABLE RACONT\u00c9S PAR LES IGBOS","url":"https:\/\/palam.ca\/contes-incroyable-racontes-par-les-igbos\/","datePublished":"2019-03-09","dateModified":"2020-03-29","mainEntityOfPage":"https:\/\/palam.ca\/contes-incroyable-racontes-par-les-igbos\/","author":{"@type":"Person","@id":"https:\/\/palam.ca\/author\/jean-pierre\/#Person","name":"Palam","url":"https:\/\/palam.ca\/author\/jean-pierre\/","identifier":3,"image":{"@type":"ImageObject","@id":"https:\/\/secure.gravatar.com\/avatar\/f8354883067cfceb099f7e57d90353c6f4fa682c8e87795f7bb2e4691997637b?s=96&r=g","url":"https:\/\/secure.gravatar.com\/avatar\/f8354883067cfceb099f7e57d90353c6f4fa682c8e87795f7bb2e4691997637b?s=96&r=g","height":96,"width":96}},"publisher":{"@type":"Organization","name":"Palam"},"image":{"@type":"ImageObject","@id":"https:\/\/palam.ca\/wp-content\/uploads\/2019\/03\/CONTES-INCROYABLE-RACONT\u00c9S-PAR-LES-IGBOS.jpg","url":"https:\/\/palam.ca\/wp-content\/uploads\/2019\/03\/CONTES-INCROYABLE-RACONT\u00c9S-PAR-LES-IGBOS.jpg","height":550,"width":960},"keywords":["contes","IGBOS","l\u00e9gende","MYTHE","obaledo","palam"]},{"@type":"BlogPosting","@id":"https:\/\/palam.ca\/legendes-anciennes-basees-sur-des-evenements-reels\/","headline":"L\u00e9gendes anciennes, bas\u00e9es sur des \u00e9v\u00e9nements r\u00e9els","url":"https:\/\/palam.ca\/legendes-anciennes-basees-sur-des-evenements-reels\/","datePublished":"2019-03-09","dateModified":"2020-04-13","mainEntityOfPage":"https:\/\/palam.ca\/legendes-anciennes-basees-sur-des-evenements-reels\/","author":{"@type":"Person","@id":"https:\/\/palam.ca\/author\/jean-pierre\/#Person","name":"Palam","url":"https:\/\/palam.ca\/author\/jean-pierre\/","identifier":3,"image":{"@type":"ImageObject","@id":"https:\/\/secure.gravatar.com\/avatar\/f8354883067cfceb099f7e57d90353c6f4fa682c8e87795f7bb2e4691997637b?s=96&r=g","url":"https:\/\/secure.gravatar.com\/avatar\/f8354883067cfceb099f7e57d90353c6f4fa682c8e87795f7bb2e4691997637b?s=96&r=g","height":96,"width":96}},"publisher":{"@type":"Organization","name":"Palam"},"image":{"@type":"ImageObject","@id":"https:\/\/palam.ca\/wp-content\/uploads\/2019\/03\/LEGENDES-ANCIENNES-BASEES-SUR-DES-EVENEMENTS-REELS.jpg","url":"https:\/\/palam.ca\/wp-content\/uploads\/2019\/03\/LEGENDES-ANCIENNES-BASEES-SUR-DES-EVENEMENTS-REELS.jpg","height":864,"width":864},"keywords":["baleine","l\u00e9gende","MYTHE","palam","Thunderbird"]},{"@type":"BlogPosting","@id":"https:\/\/palam.ca\/decouvrez-le-mythe-de-jason-et-les-argaunauts\/","headline":"D\u00e9couvrez le mythe de Jason et les Argaunauts","url":"https:\/\/palam.ca\/decouvrez-le-mythe-de-jason-et-les-argaunauts\/","datePublished":"2019-03-09","dateModified":"2020-04-13","mainEntityOfPage":"https:\/\/palam.ca\/decouvrez-le-mythe-de-jason-et-les-argaunauts\/","author":{"@type":"Person","@id":"https:\/\/palam.ca\/author\/jean-pierre\/#Person","name":"Palam","url":"https:\/\/palam.ca\/author\/jean-pierre\/","identifier":3,"image":{"@type":"ImageObject","@id":"https:\/\/secure.gravatar.com\/avatar\/f8354883067cfceb099f7e57d90353c6f4fa682c8e87795f7bb2e4691997637b?s=96&r=g","url":"https:\/\/secure.gravatar.com\/avatar\/f8354883067cfceb099f7e57d90353c6f4fa682c8e87795f7bb2e4691997637b?s=96&r=g","height":96,"width":96}},"publisher":{"@type":"Organization","name":"Palam"},"image":{"@type":"ImageObject","@id":"https:\/\/palam.ca\/wp-content\/uploads\/2019\/03\/DECOUVREZ-LE-MYTHE-DE-JASON-ET-LES-ARGAUNAUTS.jpg","url":"https:\/\/palam.ca\/wp-content\/uploads\/2019\/03\/DECOUVREZ-LE-MYTHE-DE-JASON-ET-LES-ARGAUNAUTS.jpg","height":640,"width":960},"keywords":["ARGAUNAUTS","buzz","histoire","Iolcus","l\u00e9gende","MYTHE","or","palam","Pelias","toison"]}]}