{"@context":"https:\/\/schema.org\/","@type":"CollectionPage","@id":"https:\/\/palam.ca\/tag\/juillet\/#CollectionPage","headline":"juillet Tag","description":"","url":"https:\/\/palam.ca\/tag\/juillet\/","hasPart":[{"@type":"BlogPosting","@id":"https:\/\/palam.ca\/7-evenements-pour-sen-mettre-plein-la-vue-en-juillet-a-montreal\/","headline":"Sept (7) \u00e9v\u00e9nements pour incontournable en Juillet \u00e0 Montr\u00e9al","url":"https:\/\/palam.ca\/7-evenements-pour-sen-mettre-plein-la-vue-en-juillet-a-montreal\/","datePublished":"2017-07-09","dateModified":"2023-04-29","mainEntityOfPage":"https:\/\/palam.ca\/7-evenements-pour-sen-mettre-plein-la-vue-en-juillet-a-montreal\/","author":{"@type":"Person","@id":"https:\/\/palam.ca\/author\/jean-pierre\/#Person","name":"Palam","url":"https:\/\/palam.ca\/author\/jean-pierre\/","identifier":3,"image":{"@type":"ImageObject","@id":"https:\/\/secure.gravatar.com\/avatar\/f8354883067cfceb099f7e57d90353c6f4fa682c8e87795f7bb2e4691997637b?s=96&r=g","url":"https:\/\/secure.gravatar.com\/avatar\/f8354883067cfceb099f7e57d90353c6f4fa682c8e87795f7bb2e4691997637b?s=96&r=g","height":96,"width":96}},"publisher":{"@type":"Organization","name":"Palam"},"image":{"@type":"ImageObject","@id":"https:\/\/palam.ca\/wp-content\/uploads\/2017\/07\/pexels-photo-68775.jpeg","url":"https:\/\/palam.ca\/wp-content\/uploads\/2017\/07\/pexels-photo-68775.jpeg","height":750,"width":1128},"keywords":["cirque","\u00e9v\u00eanement","Festival International Nuits d\u2019Afrique","incontournable","juillet","L\u00e2cher de violons","montr\u00e9al","Plasticiens Volants","The Color of Time","Veles e Vents"]},{"@type":"BlogPosting","@id":"https:\/\/palam.ca\/ou-voyager-en-juillet\/","headline":"Dites moi Palam.ca, o\u00f9 voyager en juillet?","url":"https:\/\/palam.ca\/ou-voyager-en-juillet\/","datePublished":"2017-07-09","dateModified":"2020-04-08","mainEntityOfPage":"https:\/\/palam.ca\/ou-voyager-en-juillet\/","author":{"@type":"Person","@id":"https:\/\/palam.ca\/author\/jean-pierre\/#Person","name":"Palam","url":"https:\/\/palam.ca\/author\/jean-pierre\/","identifier":3,"image":{"@type":"ImageObject","@id":"https:\/\/secure.gravatar.com\/avatar\/f8354883067cfceb099f7e57d90353c6f4fa682c8e87795f7bb2e4691997637b?s=96&r=g","url":"https:\/\/secure.gravatar.com\/avatar\/f8354883067cfceb099f7e57d90353c6f4fa682c8e87795f7bb2e4691997637b?s=96&r=g","height":96,"width":96}},"publisher":{"@type":"Organization","name":"Palam"},"image":{"@type":"ImageObject","@id":"https:\/\/palam.ca\/wp-content\/uploads\/2017\/07\/ou-voyager-juillet.jpg","url":"https:\/\/palam.ca\/wp-content\/uploads\/2017\/07\/ou-voyager-juillet.jpg","height":590,"width":1050},"keywords":["endroit","escapade","id\u00e9es","juillet","Quoi faire","Voyage","voyager"]}]}