{"@context":"https:\/\/schema.org\/","@type":"CollectionPage","@id":"https:\/\/palam.ca\/tag\/incontournable\/#CollectionPage","headline":"incontournable Tag","description":"","url":"https:\/\/palam.ca\/tag\/incontournable\/","hasPart":[{"@type":"BlogPosting","@id":"https:\/\/palam.ca\/les-services-de-streaming-remplaceront-ils-les-cinemas-apres-corona\/","headline":"LES SERVICES DE STREAMING REMPLACERONT-ILS LES CINEMAS ?","url":"https:\/\/palam.ca\/les-services-de-streaming-remplaceront-ils-les-cinemas-apres-corona\/","datePublished":"2022-05-01","dateModified":"2023-05-31","mainEntityOfPage":"https:\/\/palam.ca\/les-services-de-streaming-remplaceront-ils-les-cinemas-apres-corona\/","author":{"@type":"Person","@id":"https:\/\/palam.ca\/author\/aymen-labidi\/#Person","name":"Aymen Labidi","url":"https:\/\/palam.ca\/author\/aymen-labidi\/","identifier":12,"image":{"@type":"ImageObject","@id":"https:\/\/secure.gravatar.com\/avatar\/bcc1d902ad8e3dcad0755a8d91bc77b1e834b4c072efd9ec14fd0c9dca9d89ad?s=96&r=g","url":"https:\/\/secure.gravatar.com\/avatar\/bcc1d902ad8e3dcad0755a8d91bc77b1e834b4c072efd9ec14fd0c9dca9d89ad?s=96&r=g","height":96,"width":96}},"publisher":{"@type":"Organization","name":"Palam"},"image":{"@type":"ImageObject","@id":"https:\/\/palam.ca\/wp-content\/uploads\/2022\/05\/article2.jpeg","url":"https:\/\/palam.ca\/wp-content\/uploads\/2022\/05\/article2.jpeg","height":398,"width":630},"keywords":["Festival","incontournable"]},{"@type":"BlogPosting","@id":"https:\/\/palam.ca\/le-streaming-remplace-le-cinema\/","headline":"LE STREAMING REMPLACE LE CINEMA","url":"https:\/\/palam.ca\/le-streaming-remplace-le-cinema\/","datePublished":"2022-04-24","dateModified":"2023-05-31","mainEntityOfPage":"https:\/\/palam.ca\/le-streaming-remplace-le-cinema\/","author":{"@type":"Person","@id":"https:\/\/palam.ca\/author\/aymen-labidi\/#Person","name":"Aymen Labidi","url":"https:\/\/palam.ca\/author\/aymen-labidi\/","identifier":12,"image":{"@type":"ImageObject","@id":"https:\/\/secure.gravatar.com\/avatar\/bcc1d902ad8e3dcad0755a8d91bc77b1e834b4c072efd9ec14fd0c9dca9d89ad?s=96&r=g","url":"https:\/\/secure.gravatar.com\/avatar\/bcc1d902ad8e3dcad0755a8d91bc77b1e834b4c072efd9ec14fd0c9dca9d89ad?s=96&r=g","height":96,"width":96}},"publisher":{"@type":"Organization","name":"Palam"},"image":{"@type":"ImageObject","@id":"https:\/\/palam.ca\/wp-content\/uploads\/2022\/04\/LE-STREAMING-REMPLACE-LE-CINEMA.jpg","url":"https:\/\/palam.ca\/wp-content\/uploads\/2022\/04\/LE-STREAMING-REMPLACE-LE-CINEMA.jpg","height":1081,"width":1921},"keywords":["Festival","incontournable"]},{"@type":"BlogPosting","@id":"https:\/\/palam.ca\/les-festivals-dete-a-ne-pas-rater-pour-se-divertir-au-quebec\/","headline":"Bons plans pour se divertir au Qu\u00e9bec : Les festivals d\u2019\u00e9t\u00e9 \u00e0 ne pas rater.","url":"https:\/\/palam.ca\/les-festivals-dete-a-ne-pas-rater-pour-se-divertir-au-quebec\/","datePublished":"2022-04-05","dateModified":"2023-07-19","mainEntityOfPage":"https:\/\/palam.ca\/les-festivals-dete-a-ne-pas-rater-pour-se-divertir-au-quebec\/","author":{"@type":"Person","@id":"https:\/\/palam.ca\/author\/jean-pierre\/#Person","name":"Palam","url":"https:\/\/palam.ca\/author\/jean-pierre\/","identifier":3,"image":{"@type":"ImageObject","@id":"https:\/\/secure.gravatar.com\/avatar\/f8354883067cfceb099f7e57d90353c6f4fa682c8e87795f7bb2e4691997637b?s=96&r=g","url":"https:\/\/secure.gravatar.com\/avatar\/f8354883067cfceb099f7e57d90353c6f4fa682c8e87795f7bb2e4691997637b?s=96&r=g","height":96,"width":96}},"publisher":{"@type":"Organization","name":"Palam"},"image":{"@type":"ImageObject","@id":"https:\/\/palam.ca\/wp-content\/uploads\/2022\/04\/Les-festivals-dete-a-ne-pas-rater-pour-se-divertir-au-Quebec.jpg","url":"https:\/\/palam.ca\/wp-content\/uploads\/2022\/04\/Les-festivals-dete-a-ne-pas-rater-pour-se-divertir-au-Quebec.jpg","height":788,"width":940},"keywords":["Festival","incontournable"]},{"@type":"BlogPosting","@id":"https:\/\/palam.ca\/europe-5-incontournables-a-visiter-lors-de-votre-prochain-voyage-2\/","headline":"Europe &#8211; 5 incontournables \u00e0 visiter lors de votre prochain voyage.","url":"https:\/\/palam.ca\/europe-5-incontournables-a-visiter-lors-de-votre-prochain-voyage-2\/","datePublished":"2020-05-06","dateModified":"2020-10-16","mainEntityOfPage":"https:\/\/palam.ca\/europe-5-incontournables-a-visiter-lors-de-votre-prochain-voyage-2\/","author":{"@type":"Person","@id":"https:\/\/palam.ca\/author\/sailaja-m\/#Person","name":"Sailaja Moripalli","url":"https:\/\/palam.ca\/author\/sailaja-m\/","identifier":7,"image":{"@type":"ImageObject","@id":"https:\/\/secure.gravatar.com\/avatar\/0ec1a50d9d668276fad1f3768133131de31845862fc6a68426ac3bef1d3de271?s=96&r=g","url":"https:\/\/secure.gravatar.com\/avatar\/0ec1a50d9d668276fad1f3768133131de31845862fc6a68426ac3bef1d3de271?s=96&r=g","height":96,"width":96}},"publisher":{"@type":"Organization","name":"Palam"},"image":{"@type":"ImageObject","@id":"https:\/\/palam.ca\/wp-content\/uploads\/2020\/05\/M\u00e1laga-Espagne.jpg","url":"https:\/\/palam.ca\/wp-content\/uploads\/2020\/05\/M\u00e1laga-Espagne.jpg","height":380,"width":640},"keywords":["\u00c0 visiter","Akureyri","Bruges","Costa del Sol","destinations","Espagne","europe","incontournable","Les A\u00e7ores","M\u00e1laga","Minnewater","Museo Carmen","Museo Picasso","Portugal","Rome","vacance","Vatican","volcan Pico","Voyage","voyage europe"]},{"@type":"BlogPosting","@id":"https:\/\/palam.ca\/top-5-les-incontournables-a-visiter-lors-de-votre-voyage-en-afrique\/","headline":"TOP 5 &#8211; Les incontournables \u00e0 visiter lors de votre voyage en Afrique","url":"https:\/\/palam.ca\/top-5-les-incontournables-a-visiter-lors-de-votre-voyage-en-afrique\/","datePublished":"2020-03-04","dateModified":"2020-04-02","mainEntityOfPage":"https:\/\/palam.ca\/top-5-les-incontournables-a-visiter-lors-de-votre-voyage-en-afrique\/","author":{"@type":"Person","@id":"https:\/\/palam.ca\/author\/jean-pierre\/#Person","name":"Palam","url":"https:\/\/palam.ca\/author\/jean-pierre\/","identifier":3,"image":{"@type":"ImageObject","@id":"https:\/\/secure.gravatar.com\/avatar\/f8354883067cfceb099f7e57d90353c6f4fa682c8e87795f7bb2e4691997637b?s=96&r=g","url":"https:\/\/secure.gravatar.com\/avatar\/f8354883067cfceb099f7e57d90353c6f4fa682c8e87795f7bb2e4691997637b?s=96&r=g","height":96,"width":96}},"publisher":{"@type":"Organization","name":"Palam"},"image":{"@type":"ImageObject","@id":"https:\/\/palam.ca\/wp-content\/uploads\/2020\/03\/Namibie-africa-dune.jpg","url":"https:\/\/palam.ca\/wp-content\/uploads\/2020\/03\/Namibie-africa-dune.jpg","height":640,"width":960},"keywords":["Abidjan","afrique","Afrique du Sud","Bingerville","C\u00f4te d\u2019ivoire","incontournable","La Namibie","Le Botswana","parc national d\u2019Akagera","plus belle ville du monde","Rome","Rwanda","S\u00e9n\u00e9gal","top5","toursime","trip","Voyage","Voyage de r\u00eave"]},{"@type":"BlogPosting","@id":"https:\/\/palam.ca\/7-evenements-pour-sen-mettre-plein-la-vue-en-juillet-a-montreal\/","headline":"Sept (7) \u00e9v\u00e9nements pour incontournable en Juillet \u00e0 Montr\u00e9al","url":"https:\/\/palam.ca\/7-evenements-pour-sen-mettre-plein-la-vue-en-juillet-a-montreal\/","datePublished":"2017-07-09","dateModified":"2023-04-29","mainEntityOfPage":"https:\/\/palam.ca\/7-evenements-pour-sen-mettre-plein-la-vue-en-juillet-a-montreal\/","author":{"@type":"Person","@id":"https:\/\/palam.ca\/author\/jean-pierre\/#Person","name":"Palam","url":"https:\/\/palam.ca\/author\/jean-pierre\/","identifier":3,"image":{"@type":"ImageObject","@id":"https:\/\/secure.gravatar.com\/avatar\/f8354883067cfceb099f7e57d90353c6f4fa682c8e87795f7bb2e4691997637b?s=96&r=g","url":"https:\/\/secure.gravatar.com\/avatar\/f8354883067cfceb099f7e57d90353c6f4fa682c8e87795f7bb2e4691997637b?s=96&r=g","height":96,"width":96}},"publisher":{"@type":"Organization","name":"Palam"},"image":{"@type":"ImageObject","@id":"https:\/\/palam.ca\/wp-content\/uploads\/2017\/07\/pexels-photo-68775.jpeg","url":"https:\/\/palam.ca\/wp-content\/uploads\/2017\/07\/pexels-photo-68775.jpeg","height":750,"width":1128},"keywords":["cirque","\u00e9v\u00eanement","Festival International Nuits d\u2019Afrique","incontournable","juillet","L\u00e2cher de violons","montr\u00e9al","Plasticiens Volants","The Color of Time","Veles e Vents"]}]}