{"@context":"https:\/\/schema.org\/","@type":"CollectionPage","@id":"https:\/\/palam.ca\/tag\/festival\/#CollectionPage","headline":"Festival Tag","description":"","url":"https:\/\/palam.ca\/tag\/festival\/","hasPart":[{"@type":"BlogPosting","@id":"https:\/\/palam.ca\/les-services-de-streaming-remplaceront-ils-les-cinemas-apres-corona\/","headline":"LES SERVICES DE STREAMING REMPLACERONT-ILS LES CINEMAS ?","url":"https:\/\/palam.ca\/les-services-de-streaming-remplaceront-ils-les-cinemas-apres-corona\/","datePublished":"2022-05-01","dateModified":"2023-05-31","mainEntityOfPage":"https:\/\/palam.ca\/les-services-de-streaming-remplaceront-ils-les-cinemas-apres-corona\/","author":{"@type":"Person","@id":"https:\/\/palam.ca\/author\/aymen-labidi\/#Person","name":"Aymen Labidi","url":"https:\/\/palam.ca\/author\/aymen-labidi\/","identifier":12,"image":{"@type":"ImageObject","@id":"https:\/\/secure.gravatar.com\/avatar\/bcc1d902ad8e3dcad0755a8d91bc77b1e834b4c072efd9ec14fd0c9dca9d89ad?s=96&r=g","url":"https:\/\/secure.gravatar.com\/avatar\/bcc1d902ad8e3dcad0755a8d91bc77b1e834b4c072efd9ec14fd0c9dca9d89ad?s=96&r=g","height":96,"width":96}},"publisher":{"@type":"Organization","name":"Palam"},"image":{"@type":"ImageObject","@id":"https:\/\/palam.ca\/wp-content\/uploads\/2022\/05\/article2.jpeg","url":"https:\/\/palam.ca\/wp-content\/uploads\/2022\/05\/article2.jpeg","height":398,"width":630},"keywords":["Festival","incontournable"]},{"@type":"BlogPosting","@id":"https:\/\/palam.ca\/le-streaming-remplace-le-cinema\/","headline":"LE STREAMING REMPLACE LE CINEMA","url":"https:\/\/palam.ca\/le-streaming-remplace-le-cinema\/","datePublished":"2022-04-24","dateModified":"2023-05-31","mainEntityOfPage":"https:\/\/palam.ca\/le-streaming-remplace-le-cinema\/","author":{"@type":"Person","@id":"https:\/\/palam.ca\/author\/aymen-labidi\/#Person","name":"Aymen Labidi","url":"https:\/\/palam.ca\/author\/aymen-labidi\/","identifier":12,"image":{"@type":"ImageObject","@id":"https:\/\/secure.gravatar.com\/avatar\/bcc1d902ad8e3dcad0755a8d91bc77b1e834b4c072efd9ec14fd0c9dca9d89ad?s=96&r=g","url":"https:\/\/secure.gravatar.com\/avatar\/bcc1d902ad8e3dcad0755a8d91bc77b1e834b4c072efd9ec14fd0c9dca9d89ad?s=96&r=g","height":96,"width":96}},"publisher":{"@type":"Organization","name":"Palam"},"image":{"@type":"ImageObject","@id":"https:\/\/palam.ca\/wp-content\/uploads\/2022\/04\/LE-STREAMING-REMPLACE-LE-CINEMA.jpg","url":"https:\/\/palam.ca\/wp-content\/uploads\/2022\/04\/LE-STREAMING-REMPLACE-LE-CINEMA.jpg","height":1081,"width":1921},"keywords":["Festival","incontournable"]},{"@type":"BlogPosting","@id":"https:\/\/palam.ca\/les-festivals-dete-a-ne-pas-rater-pour-se-divertir-au-quebec\/","headline":"Bons plans pour se divertir au Qu\u00e9bec : Les festivals d\u2019\u00e9t\u00e9 \u00e0 ne pas rater.","url":"https:\/\/palam.ca\/les-festivals-dete-a-ne-pas-rater-pour-se-divertir-au-quebec\/","datePublished":"2022-04-05","dateModified":"2023-07-19","mainEntityOfPage":"https:\/\/palam.ca\/les-festivals-dete-a-ne-pas-rater-pour-se-divertir-au-quebec\/","author":{"@type":"Person","@id":"https:\/\/palam.ca\/author\/jean-pierre\/#Person","name":"Palam","url":"https:\/\/palam.ca\/author\/jean-pierre\/","identifier":3,"image":{"@type":"ImageObject","@id":"https:\/\/secure.gravatar.com\/avatar\/f8354883067cfceb099f7e57d90353c6f4fa682c8e87795f7bb2e4691997637b?s=96&r=g","url":"https:\/\/secure.gravatar.com\/avatar\/f8354883067cfceb099f7e57d90353c6f4fa682c8e87795f7bb2e4691997637b?s=96&r=g","height":96,"width":96}},"publisher":{"@type":"Organization","name":"Palam"},"image":{"@type":"ImageObject","@id":"https:\/\/palam.ca\/wp-content\/uploads\/2022\/04\/Les-festivals-dete-a-ne-pas-rater-pour-se-divertir-au-Quebec.jpg","url":"https:\/\/palam.ca\/wp-content\/uploads\/2022\/04\/Les-festivals-dete-a-ne-pas-rater-pour-se-divertir-au-Quebec.jpg","height":788,"width":940},"keywords":["Festival","incontournable"]},{"@type":"BlogPosting","@id":"https:\/\/palam.ca\/les-grandes-fetes-telus-devoile-la-programmation-de-son-edition-2021\/","headline":"Les Grandes F\u00eates TELUS d\u00e9voile la programmation de son \u00e9dition 2021!","url":"https:\/\/palam.ca\/les-grandes-fetes-telus-devoile-la-programmation-de-son-edition-2021\/","datePublished":"2021-06-09","dateModified":"2021-06-09","mainEntityOfPage":"https:\/\/palam.ca\/les-grandes-fetes-telus-devoile-la-programmation-de-son-edition-2021\/","author":{"@type":"Person","@id":"https:\/\/palam.ca\/author\/jean-pierre\/#Person","name":"Palam","url":"https:\/\/palam.ca\/author\/jean-pierre\/","identifier":3,"image":{"@type":"ImageObject","@id":"https:\/\/secure.gravatar.com\/avatar\/f8354883067cfceb099f7e57d90353c6f4fa682c8e87795f7bb2e4691997637b?s=96&r=g","url":"https:\/\/secure.gravatar.com\/avatar\/f8354883067cfceb099f7e57d90353c6f4fa682c8e87795f7bb2e4691997637b?s=96&r=g","height":96,"width":96}},"publisher":{"@type":"Organization","name":"Palam"},"image":{"@type":"ImageObject","@id":"https:\/\/palam.ca\/wp-content\/uploads\/2021\/06\/Festival-Qu\u00e9bec-\u00e9t\u00e9-2021-Programmation.jpg","url":"https:\/\/palam.ca\/wp-content\/uploads\/2021\/06\/Festival-Qu\u00e9bec-\u00e9t\u00e9-2021-Programmation.jpg","height":628,"width":1200},"keywords":["Brett Kissel","canada","Charlotte Cardin.","Festival","feux d\u2019artifice","Grandes F\u00eates TELUS","Les Cowboys Fringants.","Loto-Qu\u00e9bec","Ludovick Bourgeois","Marc Dupr\u00e9","parc Beaus\u00e9jour","programmation","quebec","Rimouski","Telus"]}]}