[{"@context":"https:\/\/schema.org\/","@type":"BlogPosting","@id":"https:\/\/palam.ca\/soucis-lies-aux-vehicules-electriques-ou-puis-je-recharger-ma-voiture\/#BlogPosting","mainEntityOfPage":"https:\/\/palam.ca\/soucis-lies-aux-vehicules-electriques-ou-puis-je-recharger-ma-voiture\/","headline":"Soucis li\u00e9s aux v\u00e9hicules \u00e9lectriques : o\u00f9 puis-je recharger ma voiture ?","name":"Soucis li\u00e9s aux v\u00e9hicules \u00e9lectriques : o\u00f9 puis-je recharger ma voiture ?","description":"Soucis li\u00e9s aux v\u00e9hicules \u00e9lectriques : o\u00f9 puis-je recharger ma voiture\u202f? (EN) L&rsquo;accent sur l&rsquo;environnement \u00e9tant de plus en plus prononc\u00e9, de nombreux Canadiens d\u00e9veloppent des habitudes \u00e9cologiques et accordent la priorit\u00e9 \u00e0 des modes de transport plus durables. Les r\u00e9sultats d&rsquo;un r\u00e9cent sondage men\u00e9 par Clean Energy Canada indiquent que 64 pour cent des [&hellip;]","datePublished":"2019-06-02","dateModified":"2020-03-21","author":{"@type":"Person","@id":"https:\/\/palam.ca\/author\/jean-pierre\/#Person","name":"Palam","url":"https:\/\/palam.ca\/author\/jean-pierre\/","identifier":3,"image":{"@type":"ImageObject","@id":"https:\/\/secure.gravatar.com\/avatar\/f8354883067cfceb099f7e57d90353c6f4fa682c8e87795f7bb2e4691997637b?s=96&r=g","url":"https:\/\/secure.gravatar.com\/avatar\/f8354883067cfceb099f7e57d90353c6f4fa682c8e87795f7bb2e4691997637b?s=96&r=g","height":96,"width":96}},"publisher":{"@type":"Organization","name":"Palam"},"image":{"@type":"ImageObject","@id":"https:\/\/palam.ca\/wp-content\/uploads\/2019\/06\/Soucis-li\u00e9s-aux-v\u00e9hicules-\u00e9lectriques-o\u00f9-puis-je-recharger-ma-voiture.jpg","url":"https:\/\/palam.ca\/wp-content\/uploads\/2019\/06\/Soucis-li\u00e9s-aux-v\u00e9hicules-\u00e9lectriques-o\u00f9-puis-je-recharger-ma-voiture.jpg","height":1415,"width":2119},"url":"https:\/\/palam.ca\/soucis-lies-aux-vehicules-electriques-ou-puis-je-recharger-ma-voiture\/","about":["Actualit\u00e9","Techno","Voyage"],"wordCount":591,"keywords":["Astuce","canada","conseil","cuisine","Location","quebec","Recharge","voiture \u00e9lectrique"]},{"@context":"https:\/\/schema.org\/","@type":"BreadcrumbList","itemListElement":[{"@type":"ListItem","position":1,"name":"Soucis li\u00e9s aux v\u00e9hicules \u00e9lectriques : o\u00f9 puis-je recharger ma voiture ?","item":"https:\/\/palam.ca\/soucis-lies-aux-vehicules-electriques-ou-puis-je-recharger-ma-voiture\/#breadcrumbitem"}]}]