[{"@context":"https:\/\/schema.org\/","@type":"BlogPosting","@id":"https:\/\/palam.ca\/prenez-soin-de-vous-et-votre-sante-cet-ete\/#BlogPosting","mainEntityOfPage":"https:\/\/palam.ca\/prenez-soin-de-vous-et-votre-sante-cet-ete\/","headline":"Prenez soin de vous et votre sant\u00e9 cet \u00e9t\u00e9","name":"Prenez soin de vous et votre sant\u00e9 cet \u00e9t\u00e9","description":"Prenez soin de vous et votre sant\u00e9 cet \u00e9t\u00e9 (EN) L\u2019\u00e9t\u00e9 est la p\u00e9riode tout indiqu\u00e9e pour relaxer et se reposer, et ne penser qu\u2019\u00e0 son bien-\u00eatre physique et mental. Cependant, se peut-il que parfois le tourbillon d\u2019activit\u00e9s et la pr\u00e9sence des enfants nuisent \u00e0 vos projets de vous d\u00e9tendre\u202f? Prenez soin de vous en [&hellip;]","datePublished":"2019-07-06","dateModified":"2020-04-03","author":{"@type":"Person","@id":"https:\/\/palam.ca\/author\/jean-pierre\/#Person","name":"Palam","url":"https:\/\/palam.ca\/author\/jean-pierre\/","identifier":3,"image":{"@type":"ImageObject","@id":"https:\/\/secure.gravatar.com\/avatar\/f8354883067cfceb099f7e57d90353c6f4fa682c8e87795f7bb2e4691997637b?s=96&r=g","url":"https:\/\/secure.gravatar.com\/avatar\/f8354883067cfceb099f7e57d90353c6f4fa682c8e87795f7bb2e4691997637b?s=96&r=g","height":96,"width":96}},"publisher":{"@type":"Organization","name":"Palam"},"image":{"@type":"ImageObject","@id":"https:\/\/palam.ca\/wp-content\/uploads\/2019\/07\/Prenez-soin-de-vous-cet-\u00e9t\u00e9.jpg","url":"https:\/\/palam.ca\/wp-content\/uploads\/2019\/07\/Prenez-soin-de-vous-cet-\u00e9t\u00e9.jpg","height":1702,"width":2560},"url":"https:\/\/palam.ca\/prenez-soin-de-vous-et-votre-sante-cet-ete\/","about":["Bien \u00eatre"],"wordCount":604,"keywords":["bien \u00eatre","bonheur","canada","conseil","guide","quebec","relaxe","ressourcement","soins","vacance"]},{"@context":"https:\/\/schema.org\/","@type":"BreadcrumbList","itemListElement":[{"@type":"ListItem","position":1,"name":"Prenez soin de vous et votre sant\u00e9 cet \u00e9t\u00e9","item":"https:\/\/palam.ca\/prenez-soin-de-vous-et-votre-sante-cet-ete\/#breadcrumbitem"}]}]