[{"@context":"https:\/\/schema.org\/","@type":"BlogPosting","@id":"https:\/\/palam.ca\/esprit-equipe-au-travail\/#BlogPosting","mainEntityOfPage":"https:\/\/palam.ca\/esprit-equipe-au-travail\/","headline":"Les 10 cl\u00e9s pour cultiver un bon esprit d\u2019\u00e9quipe au travail","name":"Les 10 cl\u00e9s pour cultiver un bon esprit d\u2019\u00e9quipe au travail","description":"L\u2019esprit d\u2019\u00e9quipe constitue le moteur des entreprises performantes. Au-del\u00e0 de la collaboration, il g\u00e9n\u00e8re un sentiment d\u2019appartenance et stimule la cr\u00e9ativit\u00e9, favorisant ainsi l\u2019atteinte des objectifs communs. Dans cet article d\u00e9taill\u00e9, nous explorons les 10 cl\u00e9s fondamentales pour construire et entretenir un bon esprit d\u2019\u00e9quipe au travail. Pourquoi l\u2019esprit d\u2019\u00e9quipe est-il crucial pour les entreprises [&hellip;]","datePublished":"2024-11-19","dateModified":"2024-11-20","author":{"@type":"Person","@id":"https:\/\/palam.ca\/author\/wafa-mccsav-ca\/#Person","name":"Wafa Majdoub","url":"https:\/\/palam.ca\/author\/wafa-mccsav-ca\/","identifier":13,"image":{"@type":"ImageObject","@id":"https:\/\/secure.gravatar.com\/avatar\/25bceca98888cf0ba94d322726ff36c0f3bf824c3dd141fca8440b587375b007?s=96&r=g","url":"https:\/\/secure.gravatar.com\/avatar\/25bceca98888cf0ba94d322726ff36c0f3bf824c3dd141fca8440b587375b007?s=96&r=g","height":96,"width":96}},"publisher":{"@type":"Organization","name":"Palam"},"image":{"@type":"ImageObject","@id":"https:\/\/palam.ca\/wp-content\/uploads\/2024\/11\/CCSAV-Image-Blog-12.jpg","url":"https:\/\/palam.ca\/wp-content\/uploads\/2024\/11\/CCSAV-Image-Blog-12.jpg","height":1080,"width":1920},"url":"https:\/\/palam.ca\/esprit-equipe-au-travail\/","about":["Actualit\u00e9"],"wordCount":1248},{"@context":"https:\/\/schema.org\/","@type":"BreadcrumbList","itemListElement":[{"@type":"ListItem","position":1,"name":"Les 10 cl\u00e9s pour cultiver un bon esprit d\u2019\u00e9quipe au travail","item":"https:\/\/palam.ca\/esprit-equipe-au-travail\/#breadcrumbitem"}]}]