[{"@context":"https:\/\/schema.org\/","@type":"BlogPosting","@id":"https:\/\/palam.ca\/epargne-retraite-les-habitudes-des-canadiens\/#BlogPosting","mainEntityOfPage":"https:\/\/palam.ca\/epargne-retraite-les-habitudes-des-canadiens\/","headline":"Les Canadiens et Canadiennes \u00e9pargnent-ils assez pour la retraite?","name":"Les Canadiens et Canadiennes \u00e9pargnent-ils assez pour la retraite?","description":"\u00ab De combien ai-je besoin pour prendre ma retraite? \u00bb Voil\u00e0 une question qui trotte dans la t\u00eate de bien des gens. La r\u00e9ponse \u00e0 cette question est malheureusement loin d'\u00eatre simple et universelle. Elle d\u00e9pend de nombreux facteurs tels que la long\u00e9vit\u00e9, le train de vie souhait\u00e9, et les besoins en soins de sant\u00e9. [&hellip;]","datePublished":"2024-06-26","dateModified":"2024-06-26","author":{"@type":"Person","@id":"https:\/\/palam.ca\/author\/wafa-mccsav-ca\/#Person","name":"Wafa Majdoub","url":"https:\/\/palam.ca\/author\/wafa-mccsav-ca\/","identifier":13,"image":{"@type":"ImageObject","@id":"https:\/\/secure.gravatar.com\/avatar\/25bceca98888cf0ba94d322726ff36c0f3bf824c3dd141fca8440b587375b007?s=96&r=g","url":"https:\/\/secure.gravatar.com\/avatar\/25bceca98888cf0ba94d322726ff36c0f3bf824c3dd141fca8440b587375b007?s=96&r=g","height":96,"width":96}},"publisher":{"@type":"Organization","name":"Palam"},"image":{"@type":"ImageObject","@id":"https:\/\/palam.ca\/wp-content\/uploads\/2024\/06\/Lepargne-retraite.jpg","url":"https:\/\/palam.ca\/wp-content\/uploads\/2024\/06\/Lepargne-retraite.jpg","height":1080,"width":1920},"url":"https:\/\/palam.ca\/epargne-retraite-les-habitudes-des-canadiens\/","about":["Actualit\u00e9","Bien \u00eatre"],"wordCount":1022},{"@context":"https:\/\/schema.org\/","@type":"BreadcrumbList","itemListElement":[{"@type":"ListItem","position":1,"name":"Les Canadiens et Canadiennes \u00e9pargnent-ils assez pour la retraite?","item":"https:\/\/palam.ca\/epargne-retraite-les-habitudes-des-canadiens\/#breadcrumbitem"}]}]