[{"@context":"https:\/\/schema.org\/","@type":"BlogPosting","@id":"https:\/\/palam.ca\/conseils-de-pro-pour-preparer-votre-jardin-en-vue-du-printemps\/#BlogPosting","mainEntityOfPage":"https:\/\/palam.ca\/conseils-de-pro-pour-preparer-votre-jardin-en-vue-du-printemps\/","headline":"Conseils de pro pour pr\u00e9parer votre jardin en vue du printemps","name":"Conseils de pro pour pr\u00e9parer votre jardin en vue du printemps","description":"Conseils de pro pour pr\u00e9parer votre jardin en vue du printemps Le printemps est arriv\u00e9 et il est temps de pr\u00e9parer votre jardin pour une saison de v\u00e9g\u00e9tation r\u00e9ussie. Que vous soyez un d\u00e9butant ou un jardinier exp\u00e9riment\u00e9, voici quelques conseils de pro pour vous aider \u00e0 am\u00e9liorer la qualit\u00e9 de votre sol, \u00e0 planifier [&hellip;]","datePublished":"2023-05-15","dateModified":"2023-06-19","author":{"@type":"Person","@id":"https:\/\/palam.ca\/author\/aymen-labidi\/#Person","name":"Aymen Labidi","url":"https:\/\/palam.ca\/author\/aymen-labidi\/","identifier":12,"image":{"@type":"ImageObject","@id":"https:\/\/secure.gravatar.com\/avatar\/bcc1d902ad8e3dcad0755a8d91bc77b1e834b4c072efd9ec14fd0c9dca9d89ad?s=96&r=g","url":"https:\/\/secure.gravatar.com\/avatar\/bcc1d902ad8e3dcad0755a8d91bc77b1e834b4c072efd9ec14fd0c9dca9d89ad?s=96&r=g","height":96,"width":96}},"publisher":{"@type":"Organization","name":"Palam"},"image":{"@type":"ImageObject","@id":"https:\/\/palam.ca\/wp-content\/uploads\/2023\/04\/Conseils-de-pro-pour-preparer-votre-jardin-en-vue-du-printemps.jpg","url":"https:\/\/palam.ca\/wp-content\/uploads\/2023\/04\/Conseils-de-pro-pour-preparer-votre-jardin-en-vue-du-printemps.jpg","height":867,"width":1300},"url":"https:\/\/palam.ca\/conseils-de-pro-pour-preparer-votre-jardin-en-vue-du-printemps\/","about":["D\u00e9co - Maison"],"wordCount":594,"keywords":["canada","d\u00e9co","decoration","maison","meuble"]},{"@context":"https:\/\/schema.org\/","@type":"BreadcrumbList","itemListElement":[{"@type":"ListItem","position":1,"name":"Conseils de pro pour pr\u00e9parer votre jardin en vue du printemps","item":"https:\/\/palam.ca\/conseils-de-pro-pour-preparer-votre-jardin-en-vue-du-printemps\/#breadcrumbitem"}]}]