[{"@context":"https:\/\/schema.org\/","@type":"BlogPosting","@id":"https:\/\/palam.ca\/connaissez-vous-les-cinq-moyens-detre-plus-actif-ce-printemps\/#BlogPosting","mainEntityOfPage":"https:\/\/palam.ca\/connaissez-vous-les-cinq-moyens-detre-plus-actif-ce-printemps\/","headline":"Connaissez-vous les cinq moyens d&rsquo;\u00eatre plus actif ce printemps?","name":"Connaissez-vous les cinq moyens d&rsquo;\u00eatre plus actif ce printemps?","description":"Cinq moyens d&rsquo;\u00eatre plus actif ce printemps (EN) Quand la neige fond et qu&rsquo;on peut enfin enlever les couches de v\u00eatements qu&rsquo;on a port\u00e9s tout l&rsquo;hiver, c&rsquo;est le moment de sortir et d&rsquo;\u00eatre plus actif, physiquement et dans sa collectivit\u00e9. Voici quelques moyens efficaces pour prendre un bon d\u00e9part! Mettez \u00e0 profit l&rsquo;heure du d\u00eener\u00a0:\u00a0Au [&hellip;]","datePublished":"2018-03-17","dateModified":"2020-04-04","author":{"@type":"Person","@id":"https:\/\/palam.ca\/author\/jean-pierre\/#Person","name":"Palam","url":"https:\/\/palam.ca\/author\/jean-pierre\/","identifier":3,"image":{"@type":"ImageObject","@id":"https:\/\/secure.gravatar.com\/avatar\/f8354883067cfceb099f7e57d90353c6f4fa682c8e87795f7bb2e4691997637b?s=96&r=g","url":"https:\/\/secure.gravatar.com\/avatar\/f8354883067cfceb099f7e57d90353c6f4fa682c8e87795f7bb2e4691997637b?s=96&r=g","height":96,"width":96}},"publisher":{"@type":"Organization","name":"Palam"},"image":{"@type":"ImageObject","@id":"https:\/\/palam.ca\/wp-content\/uploads\/2018\/03\/Cinq-moyens-d\u00eatre-plus-actif-ce-printemps.jpeg","url":"https:\/\/palam.ca\/wp-content\/uploads\/2018\/03\/Cinq-moyens-d\u00eatre-plus-actif-ce-printemps.jpeg","height":1500,"width":2250},"url":"https:\/\/palam.ca\/connaissez-vous-les-cinq-moyens-detre-plus-actif-ce-printemps\/","about":["Actualit\u00e9"],"wordCount":486},{"@context":"https:\/\/schema.org\/","@type":"BreadcrumbList","itemListElement":[{"@type":"ListItem","position":1,"name":"Connaissez-vous les cinq moyens d&rsquo;\u00eatre plus actif ce printemps?","item":"https:\/\/palam.ca\/connaissez-vous-les-cinq-moyens-detre-plus-actif-ce-printemps\/#breadcrumbitem"}]}]