[{"@context":"https:\/\/schema.org\/","@type":"BlogPosting","@id":"https:\/\/palam.ca\/comment-celebrer-la-journee-nationale-des-peuples-autochtones\/#BlogPosting","mainEntityOfPage":"https:\/\/palam.ca\/comment-celebrer-la-journee-nationale-des-peuples-autochtones\/","headline":"Comment c\u00e9l\u00e9brer la Journ\u00e9e nationale des peuples autochtones","name":"Comment c\u00e9l\u00e9brer la Journ\u00e9e nationale des peuples autochtones","description":"Comment c\u00e9l\u00e9brer la Journ\u00e9e nationale des peuples autochtones (EN) La Journ\u00e9e nationale des peuples autochtones est l\u2019occasion pour nous tous d\u2019en apprendre davantage sur les peuples autochtones et leurs contributions \u00e0 la culture et \u00e0 la soci\u00e9t\u00e9 canadienne. C\u2019est aussi le moment de renforcer les liens qui nous unissent pour que nous puissions cheminer ensemble [&hellip;]","datePublished":"2018-05-21","dateModified":"2018-05-21","author":{"@type":"Person","@id":"https:\/\/palam.ca\/author\/caissy\/#Person","name":"Palam","url":"https:\/\/palam.ca\/author\/caissy\/","identifier":5,"image":{"@type":"ImageObject","@id":"https:\/\/secure.gravatar.com\/avatar\/e2fdf93a3138b5eef42330b073b78ed0e1db7314a76e241e57325fadf33c9c26?s=96&r=g","url":"https:\/\/secure.gravatar.com\/avatar\/e2fdf93a3138b5eef42330b073b78ed0e1db7314a76e241e57325fadf33c9c26?s=96&r=g","height":96,"width":96}},"publisher":{"@type":"Organization","name":"Palam"},"image":{"@type":"ImageObject","@id":"https:\/\/palam.ca\/wp-content\/uploads\/2018\/05\/Comment-c\u00e9l\u00e9brer-la-Journ\u00e9e-nationale-des-peuples-autochtones.jpg","url":"https:\/\/palam.ca\/wp-content\/uploads\/2018\/05\/Comment-c\u00e9l\u00e9brer-la-Journ\u00e9e-nationale-des-peuples-autochtones.jpg","height":390,"width":694},"url":"https:\/\/palam.ca\/comment-celebrer-la-journee-nationale-des-peuples-autochtones\/","about":["Actualit\u00e9"],"wordCount":582},{"@context":"https:\/\/schema.org\/","@type":"BreadcrumbList","itemListElement":[{"@type":"ListItem","position":1,"name":"Comment c\u00e9l\u00e9brer la Journ\u00e9e nationale des peuples autochtones","item":"https:\/\/palam.ca\/comment-celebrer-la-journee-nationale-des-peuples-autochtones\/#breadcrumbitem"}]}]