[{"@context":"https:\/\/schema.org\/","@type":"BlogPosting","@id":"https:\/\/palam.ca\/bande-annonce-de-moi-moche-et-mechant-3\/#BlogPosting","mainEntityOfPage":"https:\/\/palam.ca\/bande-annonce-de-moi-moche-et-mechant-3\/","headline":"Bande-annonce de Moi, Moche et m\u00e9chant 3","name":"Bande-annonce de Moi, Moche et m\u00e9chant 3","description":"Bande-annonce de Moi, Moche et m\u00e9chant 3 Dans le nouveau film de la franchise, les spectateurs vont faire la connaissance d&rsquo;un nouveau Minion, qui va devenir le nouveau leader de la bande. Il s&rsquo;agit d&rsquo;un petit bonhomme jaune appel\u00e9 Mel, comme le rapporte Entertainment Weekly. \u00ab\u00a0Les Minions ont patiemment attendu que Gru d\u00e9passe cette phase [&hellip;]","datePublished":"2017-06-12","dateModified":"2023-05-01","author":{"@type":"Person","@id":"https:\/\/palam.ca\/author\/jean-pierre\/#Person","name":"Palam","url":"https:\/\/palam.ca\/author\/jean-pierre\/","identifier":3,"image":{"@type":"ImageObject","@id":"https:\/\/secure.gravatar.com\/avatar\/f8354883067cfceb099f7e57d90353c6f4fa682c8e87795f7bb2e4691997637b?s=96&r=g","url":"https:\/\/secure.gravatar.com\/avatar\/f8354883067cfceb099f7e57d90353c6f4fa682c8e87795f7bb2e4691997637b?s=96&r=g","height":96,"width":96}},"publisher":{"@type":"Organization","name":"Palam"},"image":{"@type":"ImageObject","@id":"https:\/\/palam.ca\/wp-content\/uploads\/2017\/06\/moi-moche-et-m\u00e9chant-3-.jpg","url":"https:\/\/palam.ca\/wp-content\/uploads\/2017\/06\/moi-moche-et-m\u00e9chant-3-.jpg","height":628,"width":1200},"url":"https:\/\/palam.ca\/bande-annonce-de-moi-moche-et-mechant-3\/","about":["Cinema"],"wordCount":256},{"@context":"https:\/\/schema.org\/","@type":"BreadcrumbList","itemListElement":[{"@type":"ListItem","position":1,"name":"Bande-annonce de Moi, Moche et m\u00e9chant 3","item":"https:\/\/palam.ca\/bande-annonce-de-moi-moche-et-mechant-3\/#breadcrumbitem"}]}]