[{"@context":"https:\/\/schema.org\/","@type":"BlogPosting","@id":"https:\/\/palam.ca\/agrementez-vos-repas-dete-de-nouilles-vegetariennes-2\/#BlogPosting","mainEntityOfPage":"https:\/\/palam.ca\/agrementez-vos-repas-dete-de-nouilles-vegetariennes-2\/","headline":"Agr\u00e9mentez vos repas d\u2019\u00e9t\u00e9 de nouilles v\u00e9g\u00e9tariennes","name":"Agr\u00e9mentez vos repas d\u2019\u00e9t\u00e9 de nouilles v\u00e9g\u00e9tariennes","description":"Agr\u00e9mentez vos repas d\u2019\u00e9t\u00e9 de nouilles v\u00e9g\u00e9tariennes (EN) Pour transformer vos repas tout en consommant des mets l\u00e9gers et sains, essayez les nouilles aux l\u00e9gumes. Les nouilles \u00e0 la courgette, aux betteraves ou \u00e0 la courge sont sans gluten et remplacent avantageusement les p\u00e2tes r\u00e9guli\u00e8res puisqu\u2019elles contiennent des l\u00e9gumes et ajoutent de la couleur \u00e0 [&hellip;]","datePublished":"2019-06-01","dateModified":"2020-04-03","author":{"@type":"Person","@id":"https:\/\/palam.ca\/author\/jean-pierre\/#Person","name":"Palam","url":"https:\/\/palam.ca\/author\/jean-pierre\/","identifier":3,"image":{"@type":"ImageObject","@id":"https:\/\/secure.gravatar.com\/avatar\/f8354883067cfceb099f7e57d90353c6f4fa682c8e87795f7bb2e4691997637b?s=96&r=g","url":"https:\/\/secure.gravatar.com\/avatar\/f8354883067cfceb099f7e57d90353c6f4fa682c8e87795f7bb2e4691997637b?s=96&r=g","height":96,"width":96}},"publisher":{"@type":"Organization","name":"Palam"},"image":{"@type":"ImageObject","@id":"https:\/\/palam.ca\/wp-content\/uploads\/2019\/06\/Agr\u00e9mentez-vos-repas-d\u2019\u00e9t\u00e9-de-nouilles-v\u00e9g\u00e9tariennes.jpg","url":"https:\/\/palam.ca\/wp-content\/uploads\/2019\/06\/Agr\u00e9mentez-vos-repas-d\u2019\u00e9t\u00e9-de-nouilles-v\u00e9g\u00e9tariennes.jpg","height":3744,"width":5616},"url":"https:\/\/palam.ca\/agrementez-vos-repas-dete-de-nouilles-vegetariennes-2\/","about":["Cuisine"],"wordCount":333,"keywords":["Astuce","canada","conseil","Courge spaghetti","cuisine","nouilles v\u00e9g\u00e9tariennes","quebec","recette","repas","Repas d'\u00e9t\u00e9"]},{"@context":"https:\/\/schema.org\/","@type":"BreadcrumbList","itemListElement":[{"@type":"ListItem","position":1,"name":"Agr\u00e9mentez vos repas d\u2019\u00e9t\u00e9 de nouilles v\u00e9g\u00e9tariennes","item":"https:\/\/palam.ca\/agrementez-vos-repas-dete-de-nouilles-vegetariennes-2\/#breadcrumbitem"}]}]